{"id":9388,"date":"2020-08-04T11:30:32","date_gmt":"2020-08-04T09:30:32","guid":{"rendered":"https:\/\/arriva.si\/?p=9388"},"modified":"2020-08-04T11:30:32","modified_gmt":"2020-08-04T09:30:32","slug":"change-in-bus-operation-due-to-complete-road-closure-in-sencur-from-6-8-till-10-12-2020","status":"publish","type":"post","link":"https:\/\/arriva.si\/en\/news\/change-in-bus-operation-due-to-complete-road-closure-in-sencur-from-6-8-till-10-12-2020\/","title":{"rendered":"Change in bus operation due to complete road closure in \u0160en\u010dur from  6. 8. till 10. 12. 2020"},"content":{"rendered":"<p>Dear passengers please be informed that due to a complete road closure in \u0160en\u010dur from\u00a0<strong>6. 8. till 10. 12. 2020 <\/strong>operation of bus transport will change as defined bellow:<\/p>\n<p>XX:25 Plinarna \u2013 \u0160en\u010dur \u2013 \u0160en\u010dur na Jami \u2013 Sr.vas \u2013 Cerklje (according to valid timetables) \u2013 <u>Letali\u0161\u010de \u2013 \u0160en\u010dur poslovna cona(obvoz) \u2013 Plinarna<\/u><\/p>\n<p>XX:40 <u>Plinarna &#8211; \u0160en\u010dur poslovna cona &#8211; Letali\u0161\u010de(obvoz)<\/u> \u2013 Cerklje \u2013 Sr.vas \u2013 \u0160en\u010dur na jami \u2013 \u0160en\u010dur \u2013 Plinarna (according to valid timetables).<\/p>\n<p>For some departures bus stops \u0160en\u010dur and \u0160en\u010dur na Jami will not be operated and will be moved to the detour bus stop at Poslovna cona \u0160en\u010dur.<\/p>\n<p><strong>\u0160en\u010dur na Jami:<\/strong><\/p>\n<ol>\n<li>direction &gt;&gt; Letali\u0161\u010de (airport) \u2013 Cerklje: departures at XX:51 will be moved to bus stop at Poslovna cona \u0160en\u010dur<\/li>\n<li>direction &gt;&gt; Kranj: departures at XX:06 will be moved to bus stop at Poslovna cona \u0160en\u010dur<\/li>\n<\/ol>\n<p><strong>\u0160en\u010dur:<\/strong><\/p>\n<ol>\n<li>direction &gt;&gt; Letali\u0161\u010de (airport) \u2013 Cerklje: departures at XX:52 will be moved to bus stop Poslovna cona \u0160en\u010dur<\/li>\n<li>direction &gt;&gt; Kranj: departures at XX:05 will be moved to bus stop Poslovna cona \u0160en\u010dur<\/li>\n<\/ol>\n<p>Thank you for your understanding.<\/p>\n<p>We wish you a safe and pleasant drive.<\/p>\n<p>Arriva Slovenia<\/p>\n","protected":false},"excerpt":{"rendered":"Dear passengers please be informed that due to a complete road closure in \u0160en\u010dur from\u00a06. 8. till 10. 12. 2020 operation of bus transport will change as defined bellow:\r\n\r\nXX:25 Plinarna \u2013 ...","protected":false},"author":4,"featured_media":4813,"comment_status":"closed","ping_status":"closed","sticky":false,"template":"","format":"standard","meta":{"_acf_changed":false,"footnotes":""},"categories":[39],"class_list":["post-9388","post","type-post","status-publish","has-post-thumbnail","hentry","category-news","enote-business-unit-jesenice","enote-business-unit-kranj","enote-business-unit-ljubljana"],"acf":[],"_links":{"self":[{"href":"https:\/\/arriva.si\/en\/wp-json\/wp\/v2\/posts\/9388","targetHints":{"allow":["GET"]}}],"collection":[{"href":"https:\/\/arriva.si\/en\/wp-json\/wp\/v2\/posts"}],"about":[{"href":"https:\/\/arriva.si\/en\/wp-json\/wp\/v2\/types\/post"}],"author":[{"embeddable":true,"href":"https:\/\/arriva.si\/en\/wp-json\/wp\/v2\/users\/4"}],"replies":[{"embeddable":true,"href":"https:\/\/arriva.si\/en\/wp-json\/wp\/v2\/comments?post=9388"}],"version-history":[{"count":0,"href":"https:\/\/arriva.si\/en\/wp-json\/wp\/v2\/posts\/9388\/revisions"}],"wp:featuredmedia":[{"embeddable":true,"href":"https:\/\/arriva.si\/en\/wp-json\/wp\/v2\/media\/4813"}],"wp:attachment":[{"href":"https:\/\/arriva.si\/en\/wp-json\/wp\/v2\/media?parent=9388"}],"wp:term":[{"taxonomy":"category","embeddable":true,"href":"https:\/\/arriva.si\/en\/wp-json\/wp\/v2\/categories?post=9388"}],"curies":[{"name":"wp","href":"https:\/\/api.w.org\/{rel}","templated":true}]}}