{"id":9310,"date":"2020-07-15T11:29:13","date_gmt":"2020-07-15T09:29:13","guid":{"rendered":"https:\/\/arriva.si\/?p=9310"},"modified":"2020-08-04T10:19:25","modified_gmt":"2020-08-04T08:19:25","slug":"changes-in-public-bus-line-operation-due-to-closed-road-in-sencur","status":"publish","type":"post","link":"https:\/\/arriva.si\/en\/news\/changes-in-public-bus-line-operation-due-to-closed-road-in-sencur\/","title":{"rendered":"Changes in public bus line operation due to closed road in \u0160en\u010dur"},"content":{"rendered":"<p>THE ROAD CLOSURE IS REVOKED.<\/p>\n<p>Dear passengers please be informed that due to a complete road closure in \u0160en\u010dur (from 16<strong>. 7. 2020 till revocation<\/strong> bus timetables and driving regime will change as followes:<\/p>\n<ul>\n<li>departures at xx.40 from Kranj will drive on relation Plinarna-<strong>\u0160en\u010dur poslovna cona<\/strong>-letali\u0161\u010de (airport)-Cerklje-\u0160en\u010dur (temporary bus stop at cross roads at Mercator)-Plinarna and no longer Plinarna-<strong>\u0160en\u010dur (temporary bus stop at the cross roads at Mercator)-<\/strong>letali\u0161\u010de (airport)-\u2026<\/li>\n<li>departures at xx.25 from Kranj will drive on relation Plinarna-\u0160en\u010dur (temporary bus stop at cross roads at Mercator)- Cerklje-letali\u0161\u010de (airport)-<strong>\u0160en\u010dur poslovna cona<\/strong>-Plinarna and no longer Plinarna-\u0160en\u010dur (temporary bus stop at cross roads at Mercator)- Cerklje-letali\u0161\u010de (airport)- <strong>\u0160en\u010dur (temporary bus stop at the cross roads)<\/strong>-Plinarna.<\/li>\n<\/ul>\n<p>Due to the complete road closure transport till \u0160en\u010dur will for bellow stated departures enabled only till the bus stop \u0160en\u010dur poslovna cona or over Cerklje.<br \/>\n05.40\u00a0\u00a0\u00a0\u00a0 D*<br \/>\n06.40\u00a0\u00a0\u00a0\u00a0 D<br \/>\n07.40\u00a0\u00a0\u00a0\u00a0 D<br \/>\n09.40\u00a0\u00a0\u00a0\u00a0 D<br \/>\n11.40\u00a0\u00a0\u00a0\u00a0 D<br \/>\n13.40\u00a0\u00a0\u00a0\u00a0 D*<br \/>\n15.40\u00a0\u00a0\u00a0\u00a0 \u0160P<br \/>\n17.40\u00a0\u00a0\u00a0\u00a0 D*<br \/>\n19.40\u00a0\u00a0\u00a0\u00a0 D*<\/p>\n<p>At bus stop \u0160en\u010dur and \u0160en\u010dur na jami traffic regime changes:<br \/>\n<strong><br \/>\nBus stop \u0160en\u010dur:<\/strong><\/p>\n<ol>\n<li>Direction &gt;&gt; next bus stop \u0160en\u010dur na Jami:<\/li>\n<\/ol>\n<p><strong>DIRECTION KRANJ: Due to complete road closure bus stop will no longer be operated or moved to bus stop \u0160en\u010dur poslovna cona.<\/strong><\/p>\n<p><strong>DIRECTION CERKLJE: Bus stop \u0160en\u010dur na Jami (temporary bus stop placed at the crossroads Gasilska and Kranjska cesta).<\/strong><\/p>\n<ol>\n<li>Direction &gt;&gt; next bus stop Plinarna<strong>\u00a0<\/strong><\/li>\n<\/ol>\n<p><strong>DIRECTION KRANJ: Bus stop \u0160en\u010dur na Jami will be moved (temporary bus stop at crossroads Gasilska and Kranjska cesta).<\/strong><\/p>\n<p><strong>DIRECTION CERKLJE: Due to complete road closure bus stop will no longer be operated or moved to \u0160en\u010dur poslovna cona.<\/strong><\/p>\n<p><strong>Bus stop \u0160en\u010dur na Jami:<\/strong><\/p>\n<ol>\n<li>Direction &gt;&gt; next bus stop Plinarna<\/li>\n<\/ol>\n<p><strong>DIRECTION KRANJ: Due to complete road closure bus stop will no longer be operated or moved to bus stop \u0160en\u010dur poslovna cona.<\/strong><\/p>\n<p><strong>DIRECTION CERKLJE: Bus stop \u0160en\u010dur na Jami will be moved (temporary to crossroads Gasilska and Kranjska cesta).\u00a0<\/strong><\/p>\n<ol>\n<li>Direction &gt;&gt; next bus stop \u0160en\u010dur<\/li>\n<\/ol>\n<p><strong>DIRECTION KRANJ: Bus stop will be moved to bus stop \u0160en\u010dur na Jami (temporary bus stop moved to crossroads Gasilska and Kranjska cesta).<\/strong><\/p>\n<p><strong>DIRECTION CERKLJE: Due to complete road closure bus stop will no longer be operated or moved to \u0160en\u010dur poslovna cona.<\/strong><\/p>\n<p>Thank you for your understanding.<\/p>\n<p>We wish you a safe and pleasant ride.<\/p>\n<p>Arriva Slovenia<\/p>\n","protected":false},"excerpt":{"rendered":"THE ROAD CLOSURE IS REVOKED.\r\n\r\nDear passengers please be informed that due to a complete road closure in \u0160en\u010dur (from 16. 7. 2020 till revocation bus timetables and driving regime will change as ...","protected":false},"author":4,"featured_media":8452,"comment_status":"closed","ping_status":"closed","sticky":false,"template":"","format":"standard","meta":{"_acf_changed":false,"footnotes":""},"categories":[39],"class_list":["post-9310","post","type-post","status-publish","has-post-thumbnail","hentry","category-news"],"acf":[],"_links":{"self":[{"href":"https:\/\/arriva.si\/en\/wp-json\/wp\/v2\/posts\/9310","targetHints":{"allow":["GET"]}}],"collection":[{"href":"https:\/\/arriva.si\/en\/wp-json\/wp\/v2\/posts"}],"about":[{"href":"https:\/\/arriva.si\/en\/wp-json\/wp\/v2\/types\/post"}],"author":[{"embeddable":true,"href":"https:\/\/arriva.si\/en\/wp-json\/wp\/v2\/users\/4"}],"replies":[{"embeddable":true,"href":"https:\/\/arriva.si\/en\/wp-json\/wp\/v2\/comments?post=9310"}],"version-history":[{"count":0,"href":"https:\/\/arriva.si\/en\/wp-json\/wp\/v2\/posts\/9310\/revisions"}],"wp:featuredmedia":[{"embeddable":true,"href":"https:\/\/arriva.si\/en\/wp-json\/wp\/v2\/media\/8452"}],"wp:attachment":[{"href":"https:\/\/arriva.si\/en\/wp-json\/wp\/v2\/media?parent=9310"}],"wp:term":[{"taxonomy":"category","embeddable":true,"href":"https:\/\/arriva.si\/en\/wp-json\/wp\/v2\/categories?post=9310"}],"curies":[{"name":"wp","href":"https:\/\/api.w.org\/{rel}","templated":true}]}}