{"id":6980,"date":"2019-08-30T15:35:40","date_gmt":"2019-08-30T13:35:40","guid":{"rendered":"https:\/\/arriva.si\/?p=6980"},"modified":"2019-08-30T15:35:40","modified_gmt":"2019-08-30T13:35:40","slug":"timetables-changes-on-gorenjska-from-1-9-2019-on","status":"publish","type":"post","link":"https:\/\/arriva.si\/en\/news\/timetables-changes-on-gorenjska-from-1-9-2019-on\/","title":{"rendered":"Timetables changes on Gorenjska from 1. 9. 2019 on"},"content":{"rendered":"<p>Dear passengers please be informed that on 1. 9. 2019 following timetable changes become valid in Gorenjska region:<\/p>\n<p><strong><u>CHANGES DURING SCHOOL DAYS<\/u><\/strong><strong>\u00a0<\/strong><\/p>\n<p><strong>LJUBLJANA-KRANJ-BOHINJ (RATE\u010cE)<\/strong><\/p>\n<ul>\n<li>14.00, 15.00 Ljubljana-Bohinj will departure from Ljubljana 5 min earlier (13.55 and 14.55), on relation Kranj AP-Bohinj departure times stay the same<\/li>\n<li>14.30, 15.30 and 16.30 Ljubljana-Rate\u010de Planica will start from Ljubljana 5 min earlier (14.25, 15.25 and 16.25), on relation Kranj AP-Rate\u010de Planica departure times stay the same.<\/li>\n<\/ul>\n<p><strong>BOHINJ-RADOVLJICA<\/strong><\/p>\n<ul>\n<li>520 Radovljica-Bled-Bohinj will no longer be operated<\/li>\n<li>6.40 Bohinjska Bistrica-Bled-Radovljica will no longer be operated; to Radovljica transport is enables at 6.55 from Bistrica;<\/li>\n<\/ul>\n<p>**\u00a0\u00a0 Transport from Bohinjska Bistrica \u017dP is during the complete road closure at Bohinjska \u010ce\u0161njica enabled from \u010ce\u0161njica at 6.27 over Jereka and at 6.15 from \u010ce\u0161njica over Stara Fu\u017eina and Jezero.<\/p>\n<p><strong>BLED-POSAVEC-LJUBLJANA<\/strong><\/p>\n<ul>\n<li>17.25 Kranj-Posavec-Radovljica will no longer be operated<\/li>\n<li>14.05 Bled \u2013 (14.19) Radovljica-Posavec-Ljubljana will no longer be operated<\/li>\n<\/ul>\n<p>** \u00a0\u00a0\u00a0Transport from Radovljica over Posavec enabled at 14.35 from Radovljica.<strong>\u00a0<\/strong><\/p>\n<p><strong>TR\u017dI\u010c-RADOVLJICA<\/strong><\/p>\n<ul>\n<li>6.30 Tr\u017ei\u010d-Kovor-Radovljica will be moved to 6.40<strong>\u00a0 \u00a0 \u00a0 \u00a0 \u00a0 \u00a0 \u00a0 \u00a0 \u00a0 \u00a0 \u00a0\u00a0<\/strong><\/li>\n<\/ul>\n<p><strong>TR\u017dI\u010c-KRANJ-LJUBLJANA<\/strong><\/p>\n<ul>\n<li>4.25 Tr\u017ei\u010d-Duplje-Kranj will no longer be operated<\/li>\n<li>4.55 Kranj-Duplje-Tr\u017ei\u010d will no longer be operated<\/li>\n<li>6.30 Tr\u017ei\u010d-Kovor-AC-Ljubljana will be moved to 6.40<\/li>\n<\/ul>\n<p><strong>KRNICA-BEGUNJE<\/strong><\/p>\n<ul>\n<li>following departures will no longer be operated:\n<ul>\n<li>4.55 and 18.00 Radovljica-Bled-Krnica<\/li>\n<li>5.35 Radovljica-Podhom-Bled; transport from Krnica towards Radovljica and Kranj is enabled at 5.50; transport from Podhom at 5.50<\/li>\n<li>18.40 Krnica-Bled-Begunje<\/li>\n<li>19.51 Begunje-Radovljica-Bled-Podhom-Krnica<\/li>\n<\/ul>\n<\/li>\n<li>5.55 Krnica-Bled-Radovljica will be moved to 5.50<\/li>\n<\/ul>\n<p><strong>CERKLJE-AC-KOMENDA-LJUBLJANA<\/strong><\/p>\n<ul>\n<li>7.00 Cerklje-AC-Ljubljana will be moved to 6.55 and redirected over Komenda<\/li>\n<li>14.30 Ljubljana-AC-Cerklje will be moved to 14.20 and redirected over Komenda<\/li>\n<\/ul>\n<p>Updated timetables are available also in the online timetable search.<\/p>\n<p>Thank you for your understanding.<\/p>\n<p>We wish you a safe and pleasant ride.<\/p>\n<p>Arriva Slovenia<\/p>\n","protected":false},"excerpt":{"rendered":"Dear passengers please be informed that on 1. 9. 2019 following timetable changes become valid in Gorenjska region:\r\n\r\nCHANGES DURING SCHOOL DAYS\u00a0\r\n\r\nLJUBLJANA-KRANJ-BOHINJ (RATE\u010cE)\r\n\r\n \t14.00, ...","protected":false},"author":4,"featured_media":471,"comment_status":"closed","ping_status":"closed","sticky":false,"template":"","format":"standard","meta":{"_acf_changed":false,"footnotes":""},"categories":[39],"class_list":["post-6980","post","type-post","status-publish","has-post-thumbnail","hentry","category-news","enote-business-unit-jesenice","enote-business-unit-kranj","enote-business-unit-radovljica","enote-business-unit-skofja-loka"],"acf":[],"_links":{"self":[{"href":"https:\/\/arriva.si\/en\/wp-json\/wp\/v2\/posts\/6980","targetHints":{"allow":["GET"]}}],"collection":[{"href":"https:\/\/arriva.si\/en\/wp-json\/wp\/v2\/posts"}],"about":[{"href":"https:\/\/arriva.si\/en\/wp-json\/wp\/v2\/types\/post"}],"author":[{"embeddable":true,"href":"https:\/\/arriva.si\/en\/wp-json\/wp\/v2\/users\/4"}],"replies":[{"embeddable":true,"href":"https:\/\/arriva.si\/en\/wp-json\/wp\/v2\/comments?post=6980"}],"version-history":[{"count":0,"href":"https:\/\/arriva.si\/en\/wp-json\/wp\/v2\/posts\/6980\/revisions"}],"wp:featuredmedia":[{"embeddable":true,"href":"https:\/\/arriva.si\/en\/wp-json\/wp\/v2\/media\/471"}],"wp:attachment":[{"href":"https:\/\/arriva.si\/en\/wp-json\/wp\/v2\/media?parent=6980"}],"wp:term":[{"taxonomy":"category","embeddable":true,"href":"https:\/\/arriva.si\/en\/wp-json\/wp\/v2\/categories?post=6980"}],"curies":[{"name":"wp","href":"https:\/\/api.w.org\/{rel}","templated":true}]}}