{"id":6690,"date":"2019-07-23T21:58:12","date_gmt":"2019-07-23T19:58:12","guid":{"rendered":"https:\/\/arriva.si\/?p=6690"},"modified":"2019-07-25T21:09:27","modified_gmt":"2019-07-25T19:09:27","slug":"bus-stop-secovlje-sola-not-operated-from-29-7-till-7-8","status":"publish","type":"post","link":"https:\/\/arriva.si\/en\/news\/bus-stop-secovlje-sola-not-operated-from-29-7-till-7-8\/","title":{"rendered":"Bus stop Se\u010dovlje \u0160ola not operated from 29. 7. till 7. 8."},"content":{"rendered":"<p>Dear passengers please be informed that due to construction works at KS Se\u010dovlje from 29. 7. till 7. 8., the bus stop Se\u010dovlje \u0160ola will not be operated.<\/p>\n<p>Thank you for your understanding.<\/p>\n<p>We wish you a safe and pleasant ride.<\/p>\n<p>Arriva Slovenia<\/p>\n","protected":false},"excerpt":{"rendered":"Dear passengers please be informed that due to construction works at KS Se\u010dovlje from 29. 7. till 7. 8., the bus stop Se\u010dovlje \u0160ola will not be operated.\r\n\r\nThank you for your understanding.\r\n\r\nWe ...","protected":false},"author":4,"featured_media":4238,"comment_status":"closed","ping_status":"closed","sticky":false,"template":"","format":"standard","meta":{"_acf_changed":false,"footnotes":""},"categories":[39],"class_list":["post-6690","post","type-post","status-publish","has-post-thumbnail","hentry","category-news","enote-business-unit-koper"],"acf":[],"_links":{"self":[{"href":"https:\/\/arriva.si\/en\/wp-json\/wp\/v2\/posts\/6690","targetHints":{"allow":["GET"]}}],"collection":[{"href":"https:\/\/arriva.si\/en\/wp-json\/wp\/v2\/posts"}],"about":[{"href":"https:\/\/arriva.si\/en\/wp-json\/wp\/v2\/types\/post"}],"author":[{"embeddable":true,"href":"https:\/\/arriva.si\/en\/wp-json\/wp\/v2\/users\/4"}],"replies":[{"embeddable":true,"href":"https:\/\/arriva.si\/en\/wp-json\/wp\/v2\/comments?post=6690"}],"version-history":[{"count":0,"href":"https:\/\/arriva.si\/en\/wp-json\/wp\/v2\/posts\/6690\/revisions"}],"wp:featuredmedia":[{"embeddable":true,"href":"https:\/\/arriva.si\/en\/wp-json\/wp\/v2\/media\/4238"}],"wp:attachment":[{"href":"https:\/\/arriva.si\/en\/wp-json\/wp\/v2\/media?parent=6690"}],"wp:term":[{"taxonomy":"category","embeddable":true,"href":"https:\/\/arriva.si\/en\/wp-json\/wp\/v2\/categories?post=6690"}],"curies":[{"name":"wp","href":"https:\/\/api.w.org\/{rel}","templated":true}]}}