{"id":4202,"date":"2018-09-28T10:54:09","date_gmt":"2018-09-28T08:54:09","guid":{"rendered":"https:\/\/arriva.si\/?p=4202"},"modified":"2018-12-31T10:54:38","modified_gmt":"2018-12-31T09:54:38","slug":"change-of-time-tables-of-company-arriva-alpetour-on-1-october-2018","status":"publish","type":"post","link":"https:\/\/arriva.si\/en\/news\/change-of-time-tables-of-company-arriva-alpetour-on-1-october-2018\/","title":{"rendered":"Change of time tables of company Arriva Alpetour on 1 October 2018"},"content":{"rendered":"<p>Dear passengers please be informed that on 1 October 2018 following changes of time tables will be implemented at company Arriva Alpetour:<\/p>\n<p>&nbsp;<\/p>\n<p><strong><u>CHANGES ON SCHOOL DAYS<\/u><\/strong><\/p>\n<p>&nbsp;<\/p>\n<p><strong>\u00a0TR\u017dI\u010c-KRANJ-LJUBLJANA<\/strong><\/p>\n<ul>\n<li>16.55 Tr\u017ei\u010d-Duplje-Kranj-Ljubljana will be moved from 17.10 h and will NOT BE OPERATED between Kranj and Ljubljana (17.25 Kranj-Ljubljana),<\/li>\n<li>18.15 Ljubljana-Kranj-Tr\u017ei\u010d on the part from Ljubljana to Kranj will NOT BE OPERATED &gt;&gt; 18.55 Kranj-Tr\u017ei\u010d,<\/li>\n<li>14.15 Ljubljana-Kranj-Duplje-Tr\u017ei\u010d will be redirected over Kovor and will from Kranj be moved to 15.10 o\u2019clock,<\/li>\n<li>14.48 Kranj Labore-Kovor-Tr\u017ei\u010d will be redirected over Duplje,<\/li>\n<li>15.30 Tr\u017ei\u010d-Kovor-Kranj will be moved to 15.25,<\/li>\n<li>14.55 Tr\u017ei\u010d-Kovor-Kranj will be moved to 15.10.<\/li>\n<\/ul>\n<p>&nbsp;<\/p>\n<p><strong>KRANJ-MAV\u010cI\u010cE-LJUBLJANA<\/strong><\/p>\n<ul>\n<li>16.20 Kranj-Mav\u010di\u010de-Medvode will be moved to 16.25 and drives to Ljubljana,<\/li>\n<\/ul>\n<p>&nbsp;<\/p>\n<p><strong>\u00a0GOLNIK-KRANJ-LJUBLJANA<\/strong><\/p>\n<ul>\n<li>16.05 Golnik-Ljubljana and will between Kranj and Ljubljana redirected over Mav\u010di\u010de<\/li>\n<\/ul>\n<p>&nbsp;<\/p>\n<p><strong>\u00a0LJUBLJANA-PLANINA-KRANJ<\/strong><\/p>\n<ul>\n<li>16.30 Ljubljana-Planina-Kranj will be redirected over Mav\u010di\u010de<\/li>\n<\/ul>\n<p>&nbsp;<\/p>\n<p><strong>TREBIJA-\u0160KOFJA LOKA-KRANJ-STRAHINJ<\/strong><\/p>\n<ul>\n<li>5.50 Trebija-Strahinj will be redirected over Kranj over Stra\u017ei\u0161\u010de<\/li>\n<\/ul>\n<p>&nbsp;<\/p>\n<p>Thank you for your understanding.<\/p>\n<p>&nbsp;<\/p>\n<p>We wish you a safe and pleasant ride.<\/p>\n<p>&nbsp;<\/p>\n<p>Arriva Alpetour<\/p>\n","protected":false},"excerpt":{"rendered":"Dear passengers please be informed that on 1 October 2018 following changes of time tables will be implemented at company Arriva Alpetour:\r\n\r\n&nbsp;\r\n\r\nCHANGES ON SCHOOL ...","protected":false},"author":11,"featured_media":471,"comment_status":"closed","ping_status":"closed","sticky":false,"template":"","format":"standard","meta":{"_acf_changed":false,"footnotes":""},"categories":[39],"class_list":["post-4202","post","type-post","status-publish","has-post-thumbnail","hentry","category-news","enote-business-unit-jesenice","enote-business-unit-kranj","enote-business-unit-radovljica","enote-business-unit-skofja-loka"],"acf":[],"_links":{"self":[{"href":"https:\/\/arriva.si\/en\/wp-json\/wp\/v2\/posts\/4202","targetHints":{"allow":["GET"]}}],"collection":[{"href":"https:\/\/arriva.si\/en\/wp-json\/wp\/v2\/posts"}],"about":[{"href":"https:\/\/arriva.si\/en\/wp-json\/wp\/v2\/types\/post"}],"author":[{"embeddable":true,"href":"https:\/\/arriva.si\/en\/wp-json\/wp\/v2\/users\/11"}],"replies":[{"embeddable":true,"href":"https:\/\/arriva.si\/en\/wp-json\/wp\/v2\/comments?post=4202"}],"version-history":[{"count":0,"href":"https:\/\/arriva.si\/en\/wp-json\/wp\/v2\/posts\/4202\/revisions"}],"wp:featuredmedia":[{"embeddable":true,"href":"https:\/\/arriva.si\/en\/wp-json\/wp\/v2\/media\/471"}],"wp:attachment":[{"href":"https:\/\/arriva.si\/en\/wp-json\/wp\/v2\/media?parent=4202"}],"wp:term":[{"taxonomy":"category","embeddable":true,"href":"https:\/\/arriva.si\/en\/wp-json\/wp\/v2\/categories?post=4202"}],"curies":[{"name":"wp","href":"https:\/\/api.w.org\/{rel}","templated":true}]}}