{"id":3916,"date":"2018-09-26T11:50:58","date_gmt":"2018-09-26T09:50:58","guid":{"rendered":"https:\/\/arriva.si\/?p=3916"},"modified":"2018-12-28T11:51:33","modified_gmt":"2018-12-28T10:51:33","slug":"school-working-saturday-29-9-2018-additional-bus-departures-on-the-coast","status":"publish","type":"post","link":"https:\/\/arriva.si\/en\/news\/school-working-saturday-29-9-2018-additional-bus-departures-on-the-coast\/","title":{"rendered":"School working Saturday 29.9.2018 \u2013 additional bus departures on the Coast"},"content":{"rendered":"<p>This Saturday, 29. 9. 2018, most of high schools on the coast will have a working Saturday. \u00a0Due to this company Arriva Dolenjska in Primorska will this Saturday additional bus transports:<\/p>\n<p>&nbsp;<\/p>\n<ol>\n<li><strong>Municipality Piran in connection with Elementary school Se\u010dovlje<\/strong><\/li>\n<\/ol>\n<p>&nbsp;<\/p>\n<ul>\n<li>6553 h\u00a0<strong>Podpadna<\/strong>&#8211;<strong>Piran<\/strong>\u00a06.49 h<\/li>\n<li>6.49 h\u00a0<strong>Piran<\/strong>&#8211;<strong>Podpadna<\/strong>\u00a07.28 h, 7.28 h\u00a0<strong>Podpadna<\/strong>&#8211;<strong>Lucija<\/strong>\u00a0<strong>TPC<\/strong>\u00a08.09 h<\/li>\n<li>In addition, at 12.00 h\u00a0<strong>Se\u010dovlje \u0160-vasi-Se\u010dovlje \u0161ola<\/strong>, arrival at 12.40 h, 12.40 h\u00a0<strong>Se\u010dovlje \u0160-Lucija TPC<\/strong><\/li>\n<li>Other transports on line\u00a0<strong>Piran-Se\u010dovlje-zaledne vasi<\/strong>\u00a0that are operating also on Saturday.<\/li>\n<li>6.58 h\u00a0<strong>Ankaran-Piran<\/strong>\u00a07.10 h<\/li>\n<li>14.35 h\u00a0<strong>Piran-Ankaran<\/strong>\u00a015.47 h<\/li>\n<\/ul>\n<p>&nbsp;<\/p>\n<ol start=\"2\">\n<li><strong>Municipality Izola in connection with Elementary school Vojka \u0160muc and Elementary school Livade<\/strong><\/li>\n<\/ol>\n<p>&nbsp;<\/p>\n<ul>\n<li>7.00 h\u00a0<strong>Medo\u0161i-Izola<\/strong>\u00a07.27 h<\/li>\n<li>7.12 h\u00a0<strong>O\u0160 Vojka \u0160muc-Medo\u0161i<\/strong>\u00a07.41 h<\/li>\n<li>7.41 h\u00a0<strong>Medo\u0161i-Izola<\/strong>\u00a08.10 h<\/li>\n<li>7.48 h\u00a0<strong>Malija-Izola<\/strong>\u00a08.11 h<\/li>\n<li>13.10 h\u00a0<strong>Izola<\/strong>-13.15 h\u00a0<strong>O\u0160 Vojka \u0160muc-Malija-Medo\u0161i<\/strong>\u00a0(special transport)<\/li>\n<li>13.15 h\u00a0<strong>O\u0160 Vojka \u0160muc-Korte vas<\/strong>\u00a0(special transport)<\/li>\n<li>14.57 h\u00a0<strong>Izola-Medo\u0161i<\/strong>\u00a015.30 h<\/li>\n<li>7.10 h\u00a0<strong>Piran-Bolnica Izola<\/strong>\u00a07.48 h<\/li>\n<li>12.35 h\u00a0<strong>Bolnica Izola-Piran<\/strong>\u00a013.13 h<\/li>\n<li>Departure at 6.40 o\u2019clock<strong>\u00a0from Piran towards Koper<\/strong>\u00a0drives via hospital Bolnica Izola.<\/li>\n<li>Departure at 14.00 o\u2019clock\u00a0<strong>from Koper towards Pira<\/strong>\u00a0drives via hospital Bolnica Izola.<\/li>\n<\/ul>\n<p>&nbsp;<\/p>\n<ol start=\"3\">\n<li><strong>Municipality Koper<\/strong><\/li>\n<\/ol>\n<p>&nbsp;<\/p>\n<ul>\n<li>7.04 h\u00a0<strong>Krkav\u010de-Paderna-Koper<\/strong>\u00a07.45 h in addition drives via Pomjan<\/li>\n<li>12.57 h\u00a0<strong>Koper-Paderna-Krkav\u010de<\/strong>\u00a013.46 h<\/li>\n<li>5.30 h\u00a0<strong>Ilirska Bistrica-Koper<\/strong>\u00a06.52 h<\/li>\n<li>14.45 h\u00a0<strong>Koper-Ilirska Bistrica<\/strong>\u00a016.07 h<\/li>\n<\/ul>\n<p>&nbsp;<\/p>\n<p>Additional information is available on the phone numbers (05) 662-5105, 671-3155 and 662-5103.<\/p>\n<p>We wish you a safe and pleasant ride.<\/p>\n<p>&nbsp;<\/p>\n<p>Arriva Dolenjska in Primorska d.o.o.<\/p>\n","protected":false},"excerpt":{"rendered":"This Saturday, 29. 9. 2018, most of high schools on the coast will have a working Saturday. \u00a0Due to this company Arriva Dolenjska in Primorska will this Saturday additional bus ...","protected":false},"author":11,"featured_media":4285,"comment_status":"closed","ping_status":"closed","sticky":false,"template":"","format":"standard","meta":{"_acf_changed":false,"footnotes":""},"categories":[39],"class_list":["post-3916","post","type-post","status-publish","has-post-thumbnail","hentry","category-news","enote-business-unit-koper"],"acf":[],"_links":{"self":[{"href":"https:\/\/arriva.si\/en\/wp-json\/wp\/v2\/posts\/3916","targetHints":{"allow":["GET"]}}],"collection":[{"href":"https:\/\/arriva.si\/en\/wp-json\/wp\/v2\/posts"}],"about":[{"href":"https:\/\/arriva.si\/en\/wp-json\/wp\/v2\/types\/post"}],"author":[{"embeddable":true,"href":"https:\/\/arriva.si\/en\/wp-json\/wp\/v2\/users\/11"}],"replies":[{"embeddable":true,"href":"https:\/\/arriva.si\/en\/wp-json\/wp\/v2\/comments?post=3916"}],"version-history":[{"count":0,"href":"https:\/\/arriva.si\/en\/wp-json\/wp\/v2\/posts\/3916\/revisions"}],"wp:featuredmedia":[{"embeddable":true,"href":"https:\/\/arriva.si\/en\/wp-json\/wp\/v2\/media\/4285"}],"wp:attachment":[{"href":"https:\/\/arriva.si\/en\/wp-json\/wp\/v2\/media?parent=3916"}],"wp:term":[{"taxonomy":"category","embeddable":true,"href":"https:\/\/arriva.si\/en\/wp-json\/wp\/v2\/categories?post=3916"}],"curies":[{"name":"wp","href":"https:\/\/api.w.org\/{rel}","templated":true}]}}