{"id":22582,"date":"2026-09-03T12:06:00","date_gmt":"2026-09-03T10:06:00","guid":{"rendered":"https:\/\/arriva.si\/spremenjen-promet-avtobusov-zaradi-kolesarske-dirke-letape-slovenia-2026\/"},"modified":"2026-09-03T12:09:30","modified_gmt":"2026-09-03T10:09:30","slug":"bus-traffic-changed-due-to-the-letape-slovenia-2026-cycling-race","status":"publish","type":"post","link":"https:\/\/arriva.si\/en\/bus-traffic-changed-due-to-the-letape-slovenia-2026-cycling-race\/","title":{"rendered":"Bus traffic changed due to the L&#8217;Etape Slovenia 2026 cycling race"},"content":{"rendered":"\n<p class=\"wp-block-paragraph\">We would like to inform you that due to the events within the cycle race &#8220;L&#8217; etape&#8221; buses will be driving on a detour route:<\/p>\n\n\n\n<blockquote class=\"wp-block-quote\">\n<blockquote class=\"wp-block-quote\">\n<p class=\"wp-block-paragraph\">SATURDAY 5. 9. 2026 from 10:00 to 20:00&lt;&lt;<\/p>\n<\/blockquote>\n<\/blockquote>\n\n\n\n<p class=\"wp-block-paragraph\"><strong>LJUBLJANA \u2013 KRANJ \u2013 LJUBLJANA<\/strong><\/p>\n\n\n\n<p class=\"wp-block-paragraph\">Drive on a detour route. From Ljubljana and Kranj in both directions on the western bypass via the Health Center.<\/p>\n\n\n\n<p class=\"wp-block-paragraph\">The Kranj Globus bus stop has been closed.<\/p>\n\n\n\n<p class=\"wp-block-paragraph\"><strong>\u0160KOFJA LOKA \u2013 KRANJ \u2013 \u0160KOFJA LOKA<\/strong><\/p>\n\n\n\n<p class=\"wp-block-paragraph\">Drive on a detour route. From Ljubljana and Kranj in both directions on the western bypass via the Health Center.<\/p>\n\n\n\n<p class=\"wp-block-paragraph\">The Kranj Globus bus stop has been closed.<\/p>\n\n\n\n<p class=\"wp-block-paragraph\"><strong>KRANJ-NAKLO-KRI\u017dE-GOLNIK-BRITOF-KRANJ<\/strong><\/p>\n\n\n\n<p class=\"wp-block-paragraph\">There will be complete mobile closures on the aforementioned route between 1:30 PM and 3:00 PM for up to 30 minutes.<\/p>\n\n\n\n<figure class=\"wp-block-image size-full\"><img loading=\"lazy\" decoding=\"async\" width=\"501\" height=\"721\" data-title=\"image\" data-caption=\"\" data-description=\"\" src=\"https:\/\/arriva.si\/wp-content\/uploads\/2026\/09\/image-4.png\" alt=\"\" class=\"wp-image-22574\" title=\"\" srcset=\"https:\/\/arriva.si\/wp-content\/uploads\/2026\/09\/image-4.png 501w, https:\/\/arriva.si\/wp-content\/uploads\/2026\/09\/image-4-208x300.png 208w\" sizes=\"auto, (max-width: 501px) 100vw, 501px\" \/><\/figure>\n\n\n\n<p class=\"wp-block-paragraph\"><\/p>\n\n\n\n<figure class=\"wp-block-image size-full\"><img loading=\"lazy\" decoding=\"async\" width=\"447\" height=\"632\" data-title=\"image\" data-caption=\"\" data-description=\"\" src=\"https:\/\/arriva.si\/wp-content\/uploads\/2026\/09\/image-5.png\" alt=\"\" class=\"wp-image-22576\" title=\"\" srcset=\"https:\/\/arriva.si\/wp-content\/uploads\/2026\/09\/image-5.png 447w, https:\/\/arriva.si\/wp-content\/uploads\/2026\/09\/image-5-212x300.png 212w\" sizes=\"auto, (max-width: 447px) 100vw, 447px\" \/><\/figure>\n\n\n\n<p class=\"wp-block-paragraph\"><strong>SUNDAY 6. 9. 2026 from 06:00 to 18:00&lt;&lt;<\/strong><\/p>\n\n\n\n<p class=\"wp-block-paragraph\">We would like to inform you that due to the cycling race &#8220;L&#8217; etape Slovenia by Tour de France&#8221;, buses will be driving on a detour route:<\/p>\n\n\n\n<p class=\"wp-block-paragraph\"><strong>LJUBLJANA \u2013 KRANJ \u2013 LJUBLJANA<\/strong><\/p>\n\n\n\n<p class=\"wp-block-paragraph\">Drive on a detour route. From Ljubljana and Kranj via Delavski most and Primskogo. The KRANJ LABORE, KRANJ \u017dP and GLOBUS stops are temporarily closed.<\/p>\n\n\n\n<p class=\"wp-block-paragraph\"><strong>\u0160KOFJA LOKA \u2013 KRANJ \u2013 \u0160KOFJA LOKA<\/strong><\/p>\n\n\n\n<p class=\"wp-block-paragraph\">Drive on a detour route. From \u0160kofja Loka and Kranj via Delavskega mostu in Primskovega. Postajali\u0161\u010da KRANJ LABORE, KRANJ \u017dP in GLOBUS za\u010dasno ukinjena.<\/p>\n\n\n\n<figure class=\"wp-block-image size-full\"><img loading=\"lazy\" decoding=\"async\" width=\"502\" height=\"637\" data-title=\"image\" data-caption=\"\" data-description=\"\" src=\"https:\/\/arriva.si\/wp-content\/uploads\/2026\/09\/image-6.png\" alt=\"\" class=\"wp-image-22578\" title=\"\" srcset=\"https:\/\/arriva.si\/wp-content\/uploads\/2026\/09\/image-6.png 502w, https:\/\/arriva.si\/wp-content\/uploads\/2026\/09\/image-6-236x300.png 236w\" sizes=\"auto, (max-width: 502px) 100vw, 502px\" \/><\/figure>\n\n\n\n<p class=\"wp-block-paragraph\">Thank you for your understanding.<\/p>\n\n\n\n<p class=\"wp-block-paragraph\">We wish you a safe and pleasant journey.<\/p>\n\n\n\n<p class=\"wp-block-paragraph\">Arriva<\/p>\n","protected":false},"excerpt":{"rendered":"<p>We would like to inform you that due to the events within the cycle race &#8220;L&#8217; etape&#8221; buses will be driving on a detour route: LJUBLJANA \u2013 KRANJ \u2013 LJUBLJANA Drive on a detour route. From Ljubljana and Kranj in both directions on the western bypass via the Health Center. The Kranj Globus bus stop [&hellip;]<\/p>\n","protected":false},"author":8,"featured_media":20650,"comment_status":"closed","ping_status":"closed","sticky":false,"template":"","format":"standard","meta":{"_acf_changed":false,"footnotes":""},"categories":[165,168],"tags":[],"class_list":["post-22582","post","type-post","status-publish","format-standard","has-post-thumbnail","hentry","category-kranj","category-skofja-loka"],"acf":[],"_links":{"self":[{"href":"https:\/\/arriva.si\/en\/wp-json\/wp\/v2\/posts\/22582","targetHints":{"allow":["GET"]}}],"collection":[{"href":"https:\/\/arriva.si\/en\/wp-json\/wp\/v2\/posts"}],"about":[{"href":"https:\/\/arriva.si\/en\/wp-json\/wp\/v2\/types\/post"}],"author":[{"embeddable":true,"href":"https:\/\/arriva.si\/en\/wp-json\/wp\/v2\/users\/8"}],"replies":[{"embeddable":true,"href":"https:\/\/arriva.si\/en\/wp-json\/wp\/v2\/comments?post=22582"}],"version-history":[{"count":2,"href":"https:\/\/arriva.si\/en\/wp-json\/wp\/v2\/posts\/22582\/revisions"}],"predecessor-version":[{"id":22585,"href":"https:\/\/arriva.si\/en\/wp-json\/wp\/v2\/posts\/22582\/revisions\/22585"}],"wp:featuredmedia":[{"embeddable":true,"href":"https:\/\/arriva.si\/en\/wp-json\/wp\/v2\/media\/20650"}],"wp:attachment":[{"href":"https:\/\/arriva.si\/en\/wp-json\/wp\/v2\/media?parent=22582"}],"wp:term":[{"taxonomy":"category","embeddable":true,"href":"https:\/\/arriva.si\/en\/wp-json\/wp\/v2\/categories?post=22582"},{"taxonomy":"post_tag","embeddable":true,"href":"https:\/\/arriva.si\/en\/wp-json\/wp\/v2\/tags?post=22582"}],"curies":[{"name":"wp","href":"https:\/\/api.w.org\/{rel}","templated":true}]}}