{"id":22476,"date":"2025-08-21T10:17:03","date_gmt":"2025-08-21T08:17:03","guid":{"rendered":"https:\/\/arriva.si\/?p=22476"},"modified":"2025-08-21T21:17:40","modified_gmt":"2025-08-21T19:17:40","slug":"complete-closure-of-pipanova-cesta-in-sencur-due-to-cycling-race-changes-to-bus-routes-on-august-23","status":"publish","type":"post","link":"https:\/\/arriva.si\/en\/news\/complete-closure-of-pipanova-cesta-in-sencur-due-to-cycling-race-changes-to-bus-routes-on-august-23\/","title":{"rendered":"Complete closure of Pipanova cesta in \u0160en\u010dur due to cycling race \u2013 changes to bus routes on August 23"},"content":{"rendered":"<p>We would like to inform you that on Saturday, August 23, 2025, between 8:30 and 9:00 p.m., Pipanova cesta will be completely closed through the center of \u0160en\u010dur due to a cycling race.<\/p>\n<p>During the closure, buses will operate on a detour or a modified route, namely on the following lines:<\/p>\n<ol>\n<li>KRANJ-VOGLJE-\u0160EN\u010cUR \u2013 to the business zone in \u0160en\u010dur, as a result, the following stops will be inactive: \u0160en\u010dur and \u0160en\u010dur na Jami.<\/li>\n<li>KRANJ-CERKLJE-KRANJ \u2013 after a detour via Visoko, as a result, the following stops will be inactive: \u0160en\u010dur, \u0160en\u010dur na Jami and \u0160en\u010dur \u0160.<\/li>\n<\/ol>\n<p>Thank you for your understanding.<\/p>\n<p>We wish you a safe and pleasant ride.<\/p>\n<p>Arriva<\/p>\n","protected":false},"excerpt":{"rendered":"We would like to inform you that on Saturday, August 23, 2025, between 8:30 and 9:00 p.m., Pipanova cesta will be completely closed through the center of \u0160en\u010dur due to a cycling race.\r\n\r\nDuring the ...","protected":false},"author":4,"featured_media":20869,"comment_status":"closed","ping_status":"closed","sticky":false,"template":"","format":"standard","meta":{"_acf_changed":false,"footnotes":""},"categories":[39],"class_list":["post-22476","post","type-post","status-publish","has-post-thumbnail","hentry","category-news","enote-business-unit-jesenice","enote-business-unit-kranj","enote-business-unit-ljubljana","enote-business-unit-radovljica","enote-business-unit-skofja-loka"],"acf":[],"_links":{"self":[{"href":"https:\/\/arriva.si\/en\/wp-json\/wp\/v2\/posts\/22476","targetHints":{"allow":["GET"]}}],"collection":[{"href":"https:\/\/arriva.si\/en\/wp-json\/wp\/v2\/posts"}],"about":[{"href":"https:\/\/arriva.si\/en\/wp-json\/wp\/v2\/types\/post"}],"author":[{"embeddable":true,"href":"https:\/\/arriva.si\/en\/wp-json\/wp\/v2\/users\/4"}],"replies":[{"embeddable":true,"href":"https:\/\/arriva.si\/en\/wp-json\/wp\/v2\/comments?post=22476"}],"version-history":[{"count":2,"href":"https:\/\/arriva.si\/en\/wp-json\/wp\/v2\/posts\/22476\/revisions"}],"predecessor-version":[{"id":22478,"href":"https:\/\/arriva.si\/en\/wp-json\/wp\/v2\/posts\/22476\/revisions\/22478"}],"wp:featuredmedia":[{"embeddable":true,"href":"https:\/\/arriva.si\/en\/wp-json\/wp\/v2\/media\/20869"}],"wp:attachment":[{"href":"https:\/\/arriva.si\/en\/wp-json\/wp\/v2\/media?parent=22476"}],"wp:term":[{"taxonomy":"category","embeddable":true,"href":"https:\/\/arriva.si\/en\/wp-json\/wp\/v2\/categories?post=22476"}],"curies":[{"name":"wp","href":"https:\/\/api.w.org\/{rel}","templated":true}]}}