{"id":19888,"date":"2024-07-31T12:59:35","date_gmt":"2024-07-31T10:59:35","guid":{"rendered":"https:\/\/arriva.si\/?p=19888"},"modified":"2024-07-31T12:59:35","modified_gmt":"2024-07-31T10:59:35","slug":"notice-on-the-complete-closure-of-the-state-road-begunje-na-gorenjska-trzic-in-the-period-between-2-august-2024-and-31-august-2024","status":"publish","type":"post","link":"https:\/\/arriva.si\/en\/news\/notice-on-the-complete-closure-of-the-state-road-begunje-na-gorenjska-trzic-in-the-period-between-2-august-2024-and-31-august-2024\/","title":{"rendered":"Notice on the complete closure of the state road Begunje na Gorenjska &#8211; Tr\u017ei\u010d in the period between 2 August 2024 and 31 August 2024"},"content":{"rendered":"<div class=\"flex-shrink-0 flex flex-col relative items-end\">\n<div>\n<div class=\"pt-0\">\n<div class=\"gizmo-bot-avatar flex h-8 w-8 items-center justify-center overflow-hidden rounded-full\">\n<div class=\"relative p-1 rounded-sm flex items-center justify-center bg-token-main-surface-primary text-token-text-primary h-8 w-8\"><\/div>\n<\/div>\n<\/div>\n<\/div>\n<\/div>\n<div class=\"group\/conversation-turn relative flex w-full min-w-0 flex-col agent-turn\">\n<div class=\"flex-col gap-1 md:gap-3\">\n<div class=\"flex flex-grow flex-col max-w-full AIPRM__conversation__response\">\n<div class=\"min-h-[20px] text-message flex w-full flex-col items-end gap-2 whitespace-pre-wrap break-words [.text-message+&amp;]:mt-5 overflow-x-auto\" dir=\"auto\" data-message-author-role=\"assistant\" data-message-id=\"e8cea2b9-5581-405d-aa53-e4cd78997866\">\n<div class=\"flex w-full flex-col gap-1 empty:hidden first:pt-[3px]\">\n<div class=\"markdown prose w-full break-words dark:prose-invert light\">\n<p>Due to the resurfacing of the carriageway on the following two sections of the national road, a long-term complete closure of the road is planned with an organized detour:<\/p>\n<ul>\n<li>R3-638\/1132 Begunje \u2013 Bistrica (Tr\u017ei\u010d), from km 2.230 to km 3.020 (PHASE 01)<\/li>\n<li>R3-638\/1132 Begunje \u2013 Bistrica (Tr\u017ei\u010d), from km 3.990 to km 4.170 (PHASE 02)<\/li>\n<\/ul>\n<p>During the total closure, buses will run between Tr\u017ei\u010d and Begunje along the following route:<\/p>\n<p><strong>Radovljica \u2013 Begunje na Gorenjskem \u2013 Zapu\u017ee \u2013 \u010crnivec \u2013 Zvir\u010de \u2013 Tr\u017ei\u010d<\/strong><\/p>\n<p><strong>Tr\u017ei\u010d \u2013 Zvir\u010de \u2013 \u010crnivec \u2013 Zapu\u017ee \u2013 Begunje na Gorenjskem \u2013 Radovljica<\/strong><\/p>\n<p>During the closure, the following stops will be closed in both directions:<\/p>\n<p><strong>Gor. \u017daga, Slatna, Srednja vas, Zadnja vas, Veterno, Le\u0161e, Hudi Graben, and Viso\u010de.<\/strong><\/p>\n<p>The complete closure is planned to last for up to twenty (20) days, from 2 August 2024 to 31 August 2024.<\/p>\n<p>Thank you for your understanding.<\/p>\n<p>We wish you a safe and pleasant journey.<\/p>\n<p>Arriva<\/p>\n<\/div>\n<\/div>\n<\/div>\n<\/div>\n<\/div>\n<\/div>\n","protected":false},"excerpt":{"rendered":"\r\n\r\n\r\n\r\n\r\n\r\n\r\n\r\n\r\n\r\n\r\n\r\n\r\n\r\n\r\n\r\nDue to the resurfacing of the carriageway on the following two sections of the national road, a long-term complete closure of the road is planned with an organized ...","protected":false},"author":4,"featured_media":18869,"comment_status":"closed","ping_status":"closed","sticky":false,"template":"","format":"standard","meta":{"_acf_changed":false,"footnotes":""},"categories":[39],"class_list":["post-19888","post","type-post","status-publish","has-post-thumbnail","hentry","category-news","enote-business-unit-jesenice","enote-business-unit-kranj","enote-business-unit-radovljica","enote-business-unit-skofja-loka"],"acf":[],"_links":{"self":[{"href":"https:\/\/arriva.si\/en\/wp-json\/wp\/v2\/posts\/19888","targetHints":{"allow":["GET"]}}],"collection":[{"href":"https:\/\/arriva.si\/en\/wp-json\/wp\/v2\/posts"}],"about":[{"href":"https:\/\/arriva.si\/en\/wp-json\/wp\/v2\/types\/post"}],"author":[{"embeddable":true,"href":"https:\/\/arriva.si\/en\/wp-json\/wp\/v2\/users\/4"}],"replies":[{"embeddable":true,"href":"https:\/\/arriva.si\/en\/wp-json\/wp\/v2\/comments?post=19888"}],"version-history":[{"count":0,"href":"https:\/\/arriva.si\/en\/wp-json\/wp\/v2\/posts\/19888\/revisions"}],"wp:featuredmedia":[{"embeddable":true,"href":"https:\/\/arriva.si\/en\/wp-json\/wp\/v2\/media\/18869"}],"wp:attachment":[{"href":"https:\/\/arriva.si\/en\/wp-json\/wp\/v2\/media?parent=19888"}],"wp:term":[{"taxonomy":"category","embeddable":true,"href":"https:\/\/arriva.si\/en\/wp-json\/wp\/v2\/categories?post=19888"}],"curies":[{"name":"wp","href":"https:\/\/api.w.org\/{rel}","templated":true}]}}