{"id":18748,"date":"2024-02-02T08:55:14","date_gmt":"2024-02-02T07:55:14","guid":{"rendered":"https:\/\/arriva.si\/?p=18748"},"modified":"2024-11-11T13:45:48","modified_gmt":"2024-11-11T12:45:48","slug":"canged-operation-of-the-city-bus-line-in-ptuj-due-to-kurentovanja-2024","status":"publish","type":"post","link":"https:\/\/arriva.si\/en\/news\/canged-operation-of-the-city-bus-line-in-ptuj-due-to-kurentovanja-2024\/","title":{"rendered":"Canged operation of the city bus line in Ptuj due to Kurentovanja 2024"},"content":{"rendered":"<p>Dear passengers,<\/p>\n<p>We would like to inform you that on <strong>Saturday, February 3, 2024, Wednesday, February 7, 2024, Saturday, February 10, 2024, Sunday, February 11, 2024, and Monday, February 12, 2024<\/strong>, the city bus line in Ptuj will operate according to a changed timetable, due to the events as part of Kurentovanja 2024.<\/p>\n<p>Notice from the municipality: <a href=\"https:\/\/www.ptuj.si\/objava\/870246\" target=\"_blank\" rel=\"noopener\">https:\/\/www.ptuj.si\/objava\/870246<\/a><\/p>\n<p><strong>Changes: Saturday 3 February 2024 &#8220;Opening festivity&#8221; from 09:00 to 13:30<\/strong><\/p>\n<p>Bus stops that will not be operated: Tr\u017enica, TIC Ptuj, O\u0160 Olge Megli\u010d, Ob Dravi. Valid for departures at 09:00, 11:00, 12:00 and 13:00<\/p>\n<p>At the indicated times, the line will be diverted from the &#8220;Pod gradom &#8211; parking lot&#8221; stop directly to the &#8220;Zadru\u017eni trg &#8211; parking lot&#8221; stop.<\/p>\n<p><img loading=\"lazy\" decoding=\"async\" class=\"aligncenter size-full wp-image-18730\" src=\"https:\/\/arriva.si\/wp-content\/uploads\/2024\/02\/Slika1.png\" alt=\"\" width=\"803\" height=\"405\" srcset=\"https:\/\/arriva.si\/wp-content\/uploads\/2024\/02\/Slika1.png 803w, https:\/\/arriva.si\/wp-content\/uploads\/2024\/02\/Slika1-400x202.png 400w, https:\/\/arriva.si\/wp-content\/uploads\/2024\/02\/Slika1-768x387.png 768w\" sizes=\"auto, (max-width: 803px) 100vw, 803px\" \/><\/p>\n<p><strong>Changes: Wednesday 7 February 2024 &#8220;Kurento&#8217;s and Korant&#8217;s groups day from 17:00 to 21:00<\/strong><\/p>\n<p>Bus stops that will not be operated: Tr\u017enica, TIC Ptuj, O\u0160 Olge Megli\u010d, Ob Dravi. Valid for departures at 16:30, 17:30, 19:30, 20:30.<\/p>\n<div class=\"ebT7ne sMVRZe\"><\/div>\n<div class=\"QcsUad BDJ8fb BLojaf sMVRZe wneUed\">\n<h3 class=\"oBOnKe\"><strong><span style=\"font-size: 16px;\">At the indicated times, the line will be diverted from the stop Pod gradom &#8211; parking directly to the stop Zadru\u017eni trg &#8211; parking.<\/span><\/strong><\/h3>\n<\/div>\n<p><img loading=\"lazy\" decoding=\"async\" class=\"aligncenter size-full wp-image-18732\" src=\"https:\/\/arriva.si\/wp-content\/uploads\/2024\/02\/Slika2.png\" alt=\"\" width=\"803\" height=\"299\" srcset=\"https:\/\/arriva.si\/wp-content\/uploads\/2024\/02\/Slika2.png 803w, https:\/\/arriva.si\/wp-content\/uploads\/2024\/02\/Slika2-400x149.png 400w, https:\/\/arriva.si\/wp-content\/uploads\/2024\/02\/Slika2-768x286.png 768w\" sizes=\"auto, (max-width: 803px) 100vw, 803px\" \/><\/p>\n<p><strong>Changes: Saturday 10\/02\/2024 &#8220;Saturday carnival corso&#8221; from 10:00 a.m. to 1:00 p.m.<\/strong><\/p>\n<p>Bus stops that will not be operated: Tr\u017enica, TIC Ptuj, O\u0160 Olge Megli\u010d, Ob Dravi. Valid for departures at 11.00, 12.00 in 13.00.<\/p>\n<p>At the indicated times, the line will be diverted from the &#8220;Pod gradom &#8211; parking lot&#8221; stop directly to the &#8220;Zadru\u017eni trg &#8211; parking lot&#8221; stop.<\/p>\n<p><img loading=\"lazy\" decoding=\"async\" class=\"aligncenter size-full wp-image-18734\" src=\"https:\/\/arriva.si\/wp-content\/uploads\/2024\/02\/Slika3.png\" alt=\"\" width=\"803\" height=\"348\" srcset=\"https:\/\/arriva.si\/wp-content\/uploads\/2024\/02\/Slika3.png 803w, https:\/\/arriva.si\/wp-content\/uploads\/2024\/02\/Slika3-400x173.png 400w, https:\/\/arriva.si\/wp-content\/uploads\/2024\/02\/Slika3-768x333.png 768w\" sizes=\"auto, (max-width: 803px) 100vw, 803px\" \/><\/p>\n<p><strong>Changes: Sunday 11\/02\/2024 &#8220;International Carnival Parade&#8221; from 11:00 a.m. to 5:30 p.m.<\/strong><\/p>\n<div class=\"QFw9Te BLojaf\">\n<div class=\"A3dMNc\" data-initial-text=\"\">Departures to the old town center are canceled at 11:00, 12:00, 13:00 and 14:00.<\/div>\n<\/div>\n<p><img loading=\"lazy\" decoding=\"async\" class=\"aligncenter size-full wp-image-18736\" src=\"https:\/\/arriva.si\/wp-content\/uploads\/2024\/02\/Slika4.png\" alt=\"\" width=\"662\" height=\"378\" srcset=\"https:\/\/arriva.si\/wp-content\/uploads\/2024\/02\/Slika4.png 662w, https:\/\/arriva.si\/wp-content\/uploads\/2024\/02\/Slika4-400x228.png 400w\" sizes=\"auto, (max-width: 662px) 100vw, 662px\" \/><\/p>\n<p><strong>Changes: Monday 12\/02\/2023 &#8220;Parade of children from kindergartens&#8221; from 09:00 to 11:30<\/strong><\/p>\n<p>Bus stops that will not be operated: Tr\u017enica, TIC Ptuj, O\u0160 Olge Megli\u010d, Ob Dravi. Valid for departures at 08.40, 09.30, 12.00.<\/p>\n<p>At the indicated times, the line will be diverted from the stop Pod gradom &#8211; parking directly to the stop Zadru\u017eni trg &#8211; parking.<\/p>\n<p><img loading=\"lazy\" decoding=\"async\" class=\"aligncenter size-full wp-image-18738\" src=\"https:\/\/arriva.si\/wp-content\/uploads\/2024\/02\/Slika5.png\" alt=\"\" width=\"803\" height=\"268\" srcset=\"https:\/\/arriva.si\/wp-content\/uploads\/2024\/02\/Slika5.png 803w, https:\/\/arriva.si\/wp-content\/uploads\/2024\/02\/Slika5-400x133.png 400w, https:\/\/arriva.si\/wp-content\/uploads\/2024\/02\/Slika5-768x256.png 768w\" sizes=\"auto, (max-width: 803px) 100vw, 803px\" \/><\/p>\n<p>We apologize to all passengers for any inconvenience.<\/p>\n<p>Thank you for your understanding.<\/p>\n<p>Arriva Slovenia<\/p>\n","protected":false},"excerpt":{"rendered":"Dear passengers,\r\n\r\nWe would like to inform you that on Saturday, February 3, 2024, Wednesday, February 7, 2024, Saturday, February 10, 2024, Sunday, February 11, 2024, and Monday, February 12, 2024, ...","protected":false},"author":4,"featured_media":18526,"comment_status":"closed","ping_status":"closed","sticky":false,"template":"","format":"standard","meta":{"_acf_changed":false,"footnotes":""},"categories":[39],"class_list":["post-18748","post","type-post","status-publish","has-post-thumbnail","hentry","category-news","enote-business-unit-ptuj"],"acf":[],"_links":{"self":[{"href":"https:\/\/arriva.si\/en\/wp-json\/wp\/v2\/posts\/18748","targetHints":{"allow":["GET"]}}],"collection":[{"href":"https:\/\/arriva.si\/en\/wp-json\/wp\/v2\/posts"}],"about":[{"href":"https:\/\/arriva.si\/en\/wp-json\/wp\/v2\/types\/post"}],"author":[{"embeddable":true,"href":"https:\/\/arriva.si\/en\/wp-json\/wp\/v2\/users\/4"}],"replies":[{"embeddable":true,"href":"https:\/\/arriva.si\/en\/wp-json\/wp\/v2\/comments?post=18748"}],"version-history":[{"count":1,"href":"https:\/\/arriva.si\/en\/wp-json\/wp\/v2\/posts\/18748\/revisions"}],"predecessor-version":[{"id":20666,"href":"https:\/\/arriva.si\/en\/wp-json\/wp\/v2\/posts\/18748\/revisions\/20666"}],"wp:featuredmedia":[{"embeddable":true,"href":"https:\/\/arriva.si\/en\/wp-json\/wp\/v2\/media\/18526"}],"wp:attachment":[{"href":"https:\/\/arriva.si\/en\/wp-json\/wp\/v2\/media?parent=18748"}],"wp:term":[{"taxonomy":"category","embeddable":true,"href":"https:\/\/arriva.si\/en\/wp-json\/wp\/v2\/categories?post=18748"}],"curies":[{"name":"wp","href":"https:\/\/api.w.org\/{rel}","templated":true}]}}