{"id":10804,"date":"2021-02-23T15:11:34","date_gmt":"2021-02-23T14:11:34","guid":{"rendered":"https:\/\/arriva.si\/?p=10804"},"modified":"2021-02-23T15:11:34","modified_gmt":"2021-02-23T14:11:34","slug":"new-bus-stop-at-settlement-okroglo","status":"publish","type":"post","link":"https:\/\/arriva.si\/en\/news\/new-bus-stop-at-settlement-okroglo\/","title":{"rendered":"New bus stop at settlement Okroglo"},"content":{"rendered":"<p>Dear passengers please be informed that in Municipality Naklo, near the settlement Okroglo, a new bus stop was included into regional public passenger transport that will enable a better accessibility of public transport to inhabitants of Okroglo and daily commuters to Poslovna industrijska cona Naklo.<\/p>\n<p>Location of the new bus stop:<\/p>\n<p><img loading=\"lazy\" decoding=\"async\" class=\"aligncenter size-full wp-image-10805\" src=\"https:\/\/arriva.si\/wp-content\/uploads\/2021\/02\/Okroglo_1.png\" alt=\"\" width=\"579\" height=\"305\" srcset=\"https:\/\/arriva.si\/wp-content\/uploads\/2021\/02\/Okroglo_1.png 579w, https:\/\/arriva.si\/wp-content\/uploads\/2021\/02\/Okroglo_1-400x211.png 400w\" sizes=\"auto, (max-width: 579px) 100vw, 579px\" \/><\/p>\n<p>Please see bellow timetables (valid from 1.3.2021 on) with numerous departures from the new bus stop in morning and afternoon peak hours:<\/p>\n<table width=\"517\">\n<tbody>\n<tr>\n<td colspan=\"4\" width=\"517\"><strong>TIMETABLES FOR BUS STOP OKROGLO<\/strong><\/td>\n<\/tr>\n<tr>\n<td width=\"278\">relation<\/td>\n<td width=\"77\">departure time<\/td>\n<td width=\"121\"><strong>bus stop Okroglo<\/strong><\/td>\n<td width=\"43\">regime<\/td>\n<\/tr>\n<tr>\n<td width=\"278\">Tr\u017ei\u010d-Strahinj-Kranj-Kranj Planika<\/td>\n<td width=\"77\">05:10<\/td>\n<td width=\"121\"><strong>05:32<\/strong><\/td>\n<td width=\"43\">\u0160+\u0160P<\/td>\n<\/tr>\n<tr>\n<td width=\"278\">Radovljica-Kropa-Kranj AP<\/td>\n<td width=\"77\">04:46<\/td>\n<td width=\"121\"><strong>05:32<\/strong><\/td>\n<td width=\"43\">\u0160+\u0160P<\/td>\n<\/tr>\n<tr>\n<td width=\"278\">Kranj-Kovor-Tr\u017ei\u010d<\/td>\n<td width=\"77\">05:40<\/td>\n<td width=\"121\"><strong>05:47<\/strong><\/td>\n<td width=\"43\">\u0160+\u0160P<\/td>\n<\/tr>\n<tr>\n<td width=\"278\">Bled-Radovljica-Posavec-Kranj<\/td>\n<td width=\"77\">05:45<\/td>\n<td width=\"121\"><strong>06:27<\/strong><\/td>\n<td width=\"43\">\u0160P<\/td>\n<\/tr>\n<tr>\n<td width=\"278\">Kranj-Kovor-Tr\u017ei\u010d<\/td>\n<td width=\"77\">06:25<\/td>\n<td width=\"121\"><strong>06:32<\/strong><\/td>\n<td width=\"43\">\u0160P<\/td>\n<\/tr>\n<tr>\n<td width=\"278\">Tr\u017ei\u010d-Kovor-Ljubljana<\/td>\n<td width=\"77\">06:20<\/td>\n<td width=\"121\"><strong>06:43<\/strong><\/td>\n<td width=\"43\">\u0160+\u0160P<\/td>\n<\/tr>\n<tr>\n<td width=\"278\">Bled-Radovljica-Strahinj-Kranj<\/td>\n<td width=\"77\">06:05<\/td>\n<td width=\"121\"><strong>06:43<\/strong><\/td>\n<td width=\"43\">\u0160<\/td>\n<\/tr>\n<tr>\n<td width=\"278\">Kranj-Radovljica-Jesenice<\/td>\n<td width=\"77\">06:40<\/td>\n<td width=\"121\"><strong>06:47<\/strong><\/td>\n<td width=\"43\">\u0160<\/td>\n<\/tr>\n<tr>\n<td width=\"278\">Rate\u010de-Kranj<\/td>\n<td width=\"77\">05:40<\/td>\n<td width=\"121\"><strong>07:15<\/strong><\/td>\n<td width=\"43\">\u0160+\u0160P<\/td>\n<\/tr>\n<tr>\n<td width=\"278\">Tr\u017ei\u010d-Podvasca-Strahinj-Kranj-Ljubljana AP<\/td>\n<td width=\"77\">06:55<\/td>\n<td width=\"121\"><strong>07:20<\/strong><\/td>\n<td width=\"43\">\u0160<\/td>\n<\/tr>\n<tr>\n<td width=\"278\">Kranj-Posavec-Radovljica<\/td>\n<td width=\"77\">07:25<\/td>\n<td width=\"121\"><strong>07:32<\/strong><\/td>\n<td width=\"43\">\u0160+\u0160P<\/td>\n<\/tr>\n<tr>\n<td width=\"278\">Tr\u017ei\u010d-Duplje\/Tr\u017e.-Kranj-Ljubljana<\/td>\n<td width=\"77\">07:25<\/td>\n<td width=\"121\"><strong>07:47<\/strong><\/td>\n<td width=\"43\">\u0160+\u0160P<\/td>\n<\/tr>\n<tr>\n<td width=\"278\">Kranj-Strahinj-Zadraga<\/td>\n<td width=\"77\">07:45<\/td>\n<td width=\"121\"><strong>07:52<\/strong><\/td>\n<td width=\"43\">\u0160<\/td>\n<\/tr>\n<tr>\n<td width=\"278\">Radovljica-Posavec-Kranj<\/td>\n<td width=\"77\">07:35<\/td>\n<td width=\"121\"><strong>08:02<\/strong><\/td>\n<td width=\"43\">\u0160+\u0160P<\/td>\n<\/tr>\n<tr>\n<td width=\"278\">Tr\u017ei\u010d-Duplje-Strahinj-Kranj<\/td>\n<td width=\"77\">08:25<\/td>\n<td width=\"121\"><strong>08:51<\/strong><\/td>\n<td width=\"43\">\u0160+\u0160P<\/td>\n<\/tr>\n<tr>\n<td width=\"278\">Kranj-Strahinj-Zadraga<\/td>\n<td width=\"77\">08:45<\/td>\n<td width=\"121\"><strong>08:52<\/strong><\/td>\n<td width=\"43\">\u0160+\u0160P<\/td>\n<\/tr>\n<tr>\n<td width=\"278\">Tr\u017ei\u010d-Duplje\/tr\u017e.-Strahinj-Ljubljana<\/td>\n<td width=\"77\">13:55<\/td>\n<td width=\"121\"><strong>14:17<\/strong><\/td>\n<td width=\"43\">\u0160<\/td>\n<\/tr>\n<tr>\n<td width=\"278\">Kranj \u017dP-Duplje-Tr\u017ei\u010d<\/td>\n<td width=\"77\">14:04<\/td>\n<td width=\"121\"><strong>14:17<\/strong><\/td>\n<td width=\"43\">\u0160+\u0160P<\/td>\n<\/tr>\n<tr>\n<td width=\"278\">Kranj-Posavec-Radovljica<\/td>\n<td width=\"77\">14:20<\/td>\n<td width=\"121\"><strong>14:27<\/strong><\/td>\n<td width=\"43\">\u0160+\u0160P<\/td>\n<\/tr>\n<tr>\n<td width=\"278\">Bled-Radovljica-Posavec-Kranj<\/td>\n<td width=\"77\">14:40<\/td>\n<td width=\"121\"><strong>15:03<\/strong><\/td>\n<td width=\"43\">\u0160<\/td>\n<\/tr>\n<tr>\n<td width=\"278\">Ljubljana-Kranj-Kovor-Tr\u017ei\u010d<\/td>\n<td width=\"77\">14:15<\/td>\n<td width=\"121\"><strong>15:17<\/strong><\/td>\n<td width=\"43\">\u0160+\u0160P<\/td>\n<\/tr>\n<tr>\n<td width=\"278\">Tr\u017ei\u010d-Kovor-Ljubljana<\/td>\n<td width=\"77\">15:10<\/td>\n<td width=\"121\"><strong>15:28<\/strong><\/td>\n<td width=\"43\">\u0160<\/td>\n<\/tr>\n<tr>\n<td width=\"278\">Radovljica-Posavec-Strahinj-Kranj<\/td>\n<td width=\"77\">15:35<\/td>\n<td width=\"121\"><strong>16:06<\/strong><\/td>\n<td width=\"43\">\u0160<\/td>\n<\/tr>\n<tr>\n<td width=\"278\">Kranj-Duplje-Tr\u017ei\u010d<\/td>\n<td width=\"77\">16:10<\/td>\n<td width=\"121\"><strong>16:17<\/strong><\/td>\n<td width=\"43\">\u0160+\u0160P<\/td>\n<\/tr>\n<tr>\n<td colspan=\"4\" width=\"517\">&nbsp;<\/td>\n<\/tr>\n<tr>\n<td colspan=\"4\" width=\"517\">\u0160+\u0160P &#8211; drives on working days from Monday till Friday<\/td>\n<\/tr>\n<tr>\n<td colspan=\"4\" width=\"517\">\u0160P &#8211; drives on working days during school vacation time<\/td>\n<\/tr>\n<tr>\n<td colspan=\"4\" width=\"517\">\u0160 &#8211; drives during school time<\/td>\n<\/tr>\n<\/tbody>\n<\/table>\n<p>Timetables will be updated that is way we kindly ask passengers to check timetables before their travel in our online timetables at our web page <a href=\"http:\/\/www.arriva.si\">www.arriva.si<\/a>.<\/p>\n<p>We wish you a safe and pleasant ride.<\/p>\n<p>Arriva Slovenia<\/p>\n","protected":false},"excerpt":{"rendered":"Dear passengers please be informed that in Municipality Naklo, near the settlement Okroglo, a new bus stop was included into regional public passenger transport that will enable a better ...","protected":false},"author":4,"featured_media":4238,"comment_status":"closed","ping_status":"closed","sticky":false,"template":"","format":"standard","meta":{"_acf_changed":false,"footnotes":""},"categories":[39],"class_list":["post-10804","post","type-post","status-publish","has-post-thumbnail","hentry","category-news","enote-business-unit-kranj","enote-business-unit-ljubljana","enote-business-unit-radovljica","enote-business-unit-skofja-loka"],"acf":[],"_links":{"self":[{"href":"https:\/\/arriva.si\/en\/wp-json\/wp\/v2\/posts\/10804","targetHints":{"allow":["GET"]}}],"collection":[{"href":"https:\/\/arriva.si\/en\/wp-json\/wp\/v2\/posts"}],"about":[{"href":"https:\/\/arriva.si\/en\/wp-json\/wp\/v2\/types\/post"}],"author":[{"embeddable":true,"href":"https:\/\/arriva.si\/en\/wp-json\/wp\/v2\/users\/4"}],"replies":[{"embeddable":true,"href":"https:\/\/arriva.si\/en\/wp-json\/wp\/v2\/comments?post=10804"}],"version-history":[{"count":0,"href":"https:\/\/arriva.si\/en\/wp-json\/wp\/v2\/posts\/10804\/revisions"}],"wp:featuredmedia":[{"embeddable":true,"href":"https:\/\/arriva.si\/en\/wp-json\/wp\/v2\/media\/4238"}],"wp:attachment":[{"href":"https:\/\/arriva.si\/en\/wp-json\/wp\/v2\/media?parent=10804"}],"wp:term":[{"taxonomy":"category","embeddable":true,"href":"https:\/\/arriva.si\/en\/wp-json\/wp\/v2\/categories?post=10804"}],"curies":[{"name":"wp","href":"https:\/\/api.w.org\/{rel}","templated":true}]}}